{"id":1594,"date":"2019-03-05T15:51:39","date_gmt":"2019-03-05T14:51:39","guid":{"rendered":"https:\/\/prb.pl\/?p=1594"},"modified":"2019-10-17T01:16:43","modified_gmt":"2019-10-16T23:16:43","slug":"kazakh-polish-economic-forum","status":"publish","type":"post","link":"https:\/\/prb.pl\/en\/2019\/03\/05\/kazakh-polish-economic-forum\/","title":{"rendered":"Kazakh-Polish Economic Forum"},"content":{"rendered":"<p>On March 4th, the Polish Business Roundtable hosted the Kazakh-Polish Economic Forum with the participation of the Ambassador of the Republic of Kazakhstan to Poland, Mr. Margulan Baimuchan.<\/p>\n<p>The forum was attended by owners and CEOs of Polish companies belonging to the Polish Business Roundtable and a delegation of largest state and private companies from Kazakhstan and Kazakh financial institutions. The purpose of the forum was to intensify trade,\u00a0economic, and investment cooperation between Kazakhstan and Poland.<br \/>\n&nbsp;<br \/>\n<img loading=\"lazy\" decoding=\"async\" class=\" wp-image-1603 aligncenter\" src=\"https:\/\/prb.pl\/wp-content\/uploads\/2019\/03\/flags.jpg\" alt=\"\" width=\"468\" height=\"112\" srcset=\"https:\/\/prb.pl\/wp-content\/uploads\/2019\/03\/flags.jpg 3034w, https:\/\/prb.pl\/wp-content\/uploads\/2019\/03\/flags-300x72.jpg 300w, https:\/\/prb.pl\/wp-content\/uploads\/2019\/03\/flags-768x184.jpg 768w, https:\/\/prb.pl\/wp-content\/uploads\/2019\/03\/flags-1024x245.jpg 1024w, https:\/\/prb.pl\/wp-content\/uploads\/2019\/03\/flags-1920x459.jpg 1920w\" sizes=\"auto, (max-width: 468px) 100vw, 468px\" \/><\/p>\n","protected":false},"excerpt":{"rendered":"<p>On March 4th, the Polish Business Roundtable hosted the Kazakh-Polish Economic Forum with the participation of the Ambassador of the Republic of Kazakhstan to Poland, Mr. Margulan Baimuchan. The forum was attended by owners and CEOs of Polish companies belonging to the Polish Business Roundtable and a delegation of largest state and private companies from [&hellip;]<\/p>\n","protected":false},"author":2,"featured_media":1050,"comment_status":"open","ping_status":"open","sticky":false,"template":"","format":"standard","meta":{"_acf_changed":false,"footnotes":""},"categories":[3],"tags":[],"class_list":["post-1594","post","type-post","status-publish","format-standard","has-post-thumbnail","hentry","category-uncategorized"],"acf":[],"yoast_head":"<!-- This site is optimized with the Yoast SEO plugin v24.5 - https:\/\/yoast.com\/wordpress\/plugins\/seo\/ -->\n<title>Kazakh-Polish Economic Forum - Polska Rada Biznesu<\/title>\n<meta name=\"description\" content=\"Polska Rada Biznesu \u2013 stowarzyszenie biznesowe, zrzeszaj\u0105ce w\u0142a\u015bcicieli i kluczowych mened\u017cer\u00f3w najwi\u0119kszych polskich przedsi\u0119biorstw oraz firm mi\u0119dzynarodowych dzia\u0142aj\u0105cych w Polsce. Kazakh-Polish Economic Forum\" \/>\n<meta name=\"robots\" content=\"index, follow, max-snippet:-1, max-image-preview:large, max-video-preview:-1\" \/>\n<link rel=\"canonical\" href=\"https:\/\/prb.pl\/en\/2019\/03\/05\/kazakh-polish-economic-forum\/\" \/>\n<meta property=\"og:locale\" content=\"en_US\" \/>\n<meta property=\"og:type\" content=\"article\" \/>\n<meta property=\"og:title\" content=\"Kazakh-Polish Economic Forum - Polska Rada Biznesu\" \/>\n<meta property=\"og:description\" content=\"Polska Rada Biznesu \u2013 stowarzyszenie biznesowe, zrzeszaj\u0105ce w\u0142a\u015bcicieli i kluczowych mened\u017cer\u00f3w najwi\u0119kszych polskich przedsi\u0119biorstw oraz firm mi\u0119dzynarodowych dzia\u0142aj\u0105cych w Polsce. Kazakh-Polish Economic Forum\" \/>\n<meta property=\"og:url\" content=\"https:\/\/prb.pl\/en\/2019\/03\/05\/kazakh-polish-economic-forum\/\" \/>\n<meta property=\"og:site_name\" content=\"Polska Rada Biznesu\" \/>\n<meta property=\"article:published_time\" content=\"2019-03-05T14:51:39+00:00\" \/>\n<meta property=\"article:modified_time\" content=\"2019-10-16T23:16:43+00:00\" \/>\n<meta property=\"og:image\" content=\"https:\/\/prb.pl\/wp-content\/uploads\/2019\/03\/1551870223_dsc_0235.jpg\" \/>\n\t<meta property=\"og:image:width\" content=\"1024\" \/>\n\t<meta property=\"og:image:height\" content=\"681\" \/>\n\t<meta property=\"og:image:type\" content=\"image\/jpeg\" \/>\n<meta name=\"author\" content=\"tomasz\" \/>\n<meta name=\"twitter:card\" content=\"summary_large_image\" \/>\n<meta name=\"twitter:label1\" content=\"Written by\" \/>\n\t<meta name=\"twitter:data1\" content=\"tomasz\" \/>\n<script type=\"application\/ld+json\" class=\"yoast-schema-graph\">{\"@context\":\"https:\/\/schema.org\",\"@graph\":[{\"@type\":\"WebPage\",\"@id\":\"https:\/\/prb.pl\/en\/2019\/03\/05\/kazakh-polish-economic-forum\/\",\"url\":\"https:\/\/prb.pl\/en\/2019\/03\/05\/kazakh-polish-economic-forum\/\",\"name\":\"Kazakh-Polish Economic Forum - Polska Rada Biznesu\",\"isPartOf\":{\"@id\":\"https:\/\/prb.pl\/#website\"},\"primaryImageOfPage\":{\"@id\":\"https:\/\/prb.pl\/en\/2019\/03\/05\/kazakh-polish-economic-forum\/#primaryimage\"},\"image\":{\"@id\":\"https:\/\/prb.pl\/en\/2019\/03\/05\/kazakh-polish-economic-forum\/#primaryimage\"},\"thumbnailUrl\":\"https:\/\/prb.pl\/wp-content\/uploads\/2019\/03\/1551870223_dsc_0235.jpg\",\"datePublished\":\"2019-03-05T14:51:39+00:00\",\"dateModified\":\"2019-10-16T23:16:43+00:00\",\"author\":{\"@id\":\"https:\/\/prb.pl\/#\/schema\/person\/3a3498167aacb9fffcf683e2bfa71544\"},\"description\":\"Polska Rada Biznesu \u2013 stowarzyszenie biznesowe, zrzeszaj\u0105ce w\u0142a\u015bcicieli i kluczowych mened\u017cer\u00f3w najwi\u0119kszych polskich przedsi\u0119biorstw oraz firm mi\u0119dzynarodowych dzia\u0142aj\u0105cych w Polsce. Kazakh-Polish Economic Forum\",\"breadcrumb\":{\"@id\":\"https:\/\/prb.pl\/en\/2019\/03\/05\/kazakh-polish-economic-forum\/#breadcrumb\"},\"inLanguage\":\"en-US\",\"potentialAction\":[{\"@type\":\"ReadAction\",\"target\":[\"https:\/\/prb.pl\/en\/2019\/03\/05\/kazakh-polish-economic-forum\/\"]}]},{\"@type\":\"ImageObject\",\"inLanguage\":\"en-US\",\"@id\":\"https:\/\/prb.pl\/en\/2019\/03\/05\/kazakh-polish-economic-forum\/#primaryimage\",\"url\":\"https:\/\/prb.pl\/wp-content\/uploads\/2019\/03\/1551870223_dsc_0235.jpg\",\"contentUrl\":\"https:\/\/prb.pl\/wp-content\/uploads\/2019\/03\/1551870223_dsc_0235.jpg\",\"width\":1024,\"height\":681},{\"@type\":\"BreadcrumbList\",\"@id\":\"https:\/\/prb.pl\/en\/2019\/03\/05\/kazakh-polish-economic-forum\/#breadcrumb\",\"itemListElement\":[{\"@type\":\"ListItem\",\"position\":1,\"name\":\"Strona g\u0142\u00f3wna\",\"item\":\"https:\/\/prb.pl\/en\/\"},{\"@type\":\"ListItem\",\"position\":2,\"name\":\"Kazakh-Polish Economic Forum\"}]},{\"@type\":\"WebSite\",\"@id\":\"https:\/\/prb.pl\/#website\",\"url\":\"https:\/\/prb.pl\/\",\"name\":\"Polska Rada Biznesu\",\"description\":\"\",\"potentialAction\":[{\"@type\":\"SearchAction\",\"target\":{\"@type\":\"EntryPoint\",\"urlTemplate\":\"https:\/\/prb.pl\/?s={search_term_string}\"},\"query-input\":{\"@type\":\"PropertyValueSpecification\",\"valueRequired\":true,\"valueName\":\"search_term_string\"}}],\"inLanguage\":\"en-US\"},{\"@type\":\"Person\",\"@id\":\"https:\/\/prb.pl\/#\/schema\/person\/3a3498167aacb9fffcf683e2bfa71544\",\"name\":\"tomasz\",\"image\":{\"@type\":\"ImageObject\",\"inLanguage\":\"en-US\",\"@id\":\"https:\/\/prb.pl\/#\/schema\/person\/image\/\",\"url\":\"https:\/\/secure.gravatar.com\/avatar\/f9d6c70ccf6a94567f8a7e960465dd9b?s=96&d=mm&r=g\",\"contentUrl\":\"https:\/\/secure.gravatar.com\/avatar\/f9d6c70ccf6a94567f8a7e960465dd9b?s=96&d=mm&r=g\",\"caption\":\"tomasz\"},\"url\":\"https:\/\/prb.pl\/en\/author\/tomasz\/\"}]}<\/script>\n<!-- \/ Yoast SEO plugin. -->","yoast_head_json":{"title":"Kazakh-Polish Economic Forum - Polska Rada Biznesu","description":"Polska Rada Biznesu \u2013 stowarzyszenie biznesowe, zrzeszaj\u0105ce w\u0142a\u015bcicieli i kluczowych mened\u017cer\u00f3w najwi\u0119kszych polskich przedsi\u0119biorstw oraz firm mi\u0119dzynarodowych dzia\u0142aj\u0105cych w Polsce. Kazakh-Polish Economic Forum","robots":{"index":"index","follow":"follow","max-snippet":"max-snippet:-1","max-image-preview":"max-image-preview:large","max-video-preview":"max-video-preview:-1"},"canonical":"https:\/\/prb.pl\/en\/2019\/03\/05\/kazakh-polish-economic-forum\/","og_locale":"en_US","og_type":"article","og_title":"Kazakh-Polish Economic Forum - Polska Rada Biznesu","og_description":"Polska Rada Biznesu \u2013 stowarzyszenie biznesowe, zrzeszaj\u0105ce w\u0142a\u015bcicieli i kluczowych mened\u017cer\u00f3w najwi\u0119kszych polskich przedsi\u0119biorstw oraz firm mi\u0119dzynarodowych dzia\u0142aj\u0105cych w Polsce. Kazakh-Polish Economic Forum","og_url":"https:\/\/prb.pl\/en\/2019\/03\/05\/kazakh-polish-economic-forum\/","og_site_name":"Polska Rada Biznesu","article_published_time":"2019-03-05T14:51:39+00:00","article_modified_time":"2019-10-16T23:16:43+00:00","og_image":[{"width":1024,"height":681,"url":"https:\/\/prb.pl\/wp-content\/uploads\/2019\/03\/1551870223_dsc_0235.jpg","type":"image\/jpeg"}],"author":"tomasz","twitter_card":"summary_large_image","twitter_misc":{"Written by":"tomasz"},"schema":{"@context":"https:\/\/schema.org","@graph":[{"@type":"WebPage","@id":"https:\/\/prb.pl\/en\/2019\/03\/05\/kazakh-polish-economic-forum\/","url":"https:\/\/prb.pl\/en\/2019\/03\/05\/kazakh-polish-economic-forum\/","name":"Kazakh-Polish Economic Forum - Polska Rada Biznesu","isPartOf":{"@id":"https:\/\/prb.pl\/#website"},"primaryImageOfPage":{"@id":"https:\/\/prb.pl\/en\/2019\/03\/05\/kazakh-polish-economic-forum\/#primaryimage"},"image":{"@id":"https:\/\/prb.pl\/en\/2019\/03\/05\/kazakh-polish-economic-forum\/#primaryimage"},"thumbnailUrl":"https:\/\/prb.pl\/wp-content\/uploads\/2019\/03\/1551870223_dsc_0235.jpg","datePublished":"2019-03-05T14:51:39+00:00","dateModified":"2019-10-16T23:16:43+00:00","author":{"@id":"https:\/\/prb.pl\/#\/schema\/person\/3a3498167aacb9fffcf683e2bfa71544"},"description":"Polska Rada Biznesu \u2013 stowarzyszenie biznesowe, zrzeszaj\u0105ce w\u0142a\u015bcicieli i kluczowych mened\u017cer\u00f3w najwi\u0119kszych polskich przedsi\u0119biorstw oraz firm mi\u0119dzynarodowych dzia\u0142aj\u0105cych w Polsce. Kazakh-Polish Economic Forum","breadcrumb":{"@id":"https:\/\/prb.pl\/en\/2019\/03\/05\/kazakh-polish-economic-forum\/#breadcrumb"},"inLanguage":"en-US","potentialAction":[{"@type":"ReadAction","target":["https:\/\/prb.pl\/en\/2019\/03\/05\/kazakh-polish-economic-forum\/"]}]},{"@type":"ImageObject","inLanguage":"en-US","@id":"https:\/\/prb.pl\/en\/2019\/03\/05\/kazakh-polish-economic-forum\/#primaryimage","url":"https:\/\/prb.pl\/wp-content\/uploads\/2019\/03\/1551870223_dsc_0235.jpg","contentUrl":"https:\/\/prb.pl\/wp-content\/uploads\/2019\/03\/1551870223_dsc_0235.jpg","width":1024,"height":681},{"@type":"BreadcrumbList","@id":"https:\/\/prb.pl\/en\/2019\/03\/05\/kazakh-polish-economic-forum\/#breadcrumb","itemListElement":[{"@type":"ListItem","position":1,"name":"Strona g\u0142\u00f3wna","item":"https:\/\/prb.pl\/en\/"},{"@type":"ListItem","position":2,"name":"Kazakh-Polish Economic Forum"}]},{"@type":"WebSite","@id":"https:\/\/prb.pl\/#website","url":"https:\/\/prb.pl\/","name":"Polska Rada Biznesu","description":"","potentialAction":[{"@type":"SearchAction","target":{"@type":"EntryPoint","urlTemplate":"https:\/\/prb.pl\/?s={search_term_string}"},"query-input":{"@type":"PropertyValueSpecification","valueRequired":true,"valueName":"search_term_string"}}],"inLanguage":"en-US"},{"@type":"Person","@id":"https:\/\/prb.pl\/#\/schema\/person\/3a3498167aacb9fffcf683e2bfa71544","name":"tomasz","image":{"@type":"ImageObject","inLanguage":"en-US","@id":"https:\/\/prb.pl\/#\/schema\/person\/image\/","url":"https:\/\/secure.gravatar.com\/avatar\/f9d6c70ccf6a94567f8a7e960465dd9b?s=96&d=mm&r=g","contentUrl":"https:\/\/secure.gravatar.com\/avatar\/f9d6c70ccf6a94567f8a7e960465dd9b?s=96&d=mm&r=g","caption":"tomasz"},"url":"https:\/\/prb.pl\/en\/author\/tomasz\/"}]}},"_links":{"self":[{"href":"https:\/\/prb.pl\/en\/wp-json\/wp\/v2\/posts\/1594","targetHints":{"allow":["GET"]}}],"collection":[{"href":"https:\/\/prb.pl\/en\/wp-json\/wp\/v2\/posts"}],"about":[{"href":"https:\/\/prb.pl\/en\/wp-json\/wp\/v2\/types\/post"}],"author":[{"embeddable":true,"href":"https:\/\/prb.pl\/en\/wp-json\/wp\/v2\/users\/2"}],"replies":[{"embeddable":true,"href":"https:\/\/prb.pl\/en\/wp-json\/wp\/v2\/comments?post=1594"}],"version-history":[{"count":7,"href":"https:\/\/prb.pl\/en\/wp-json\/wp\/v2\/posts\/1594\/revisions"}],"predecessor-version":[{"id":1599,"href":"https:\/\/prb.pl\/en\/wp-json\/wp\/v2\/posts\/1594\/revisions\/1599"}],"wp:featuredmedia":[{"embeddable":true,"href":"https:\/\/prb.pl\/en\/wp-json\/wp\/v2\/media\/1050"}],"wp:attachment":[{"href":"https:\/\/prb.pl\/en\/wp-json\/wp\/v2\/media?parent=1594"}],"wp:term":[{"taxonomy":"category","embeddable":true,"href":"https:\/\/prb.pl\/en\/wp-json\/wp\/v2\/categories?post=1594"},{"taxonomy":"post_tag","embeddable":true,"href":"https:\/\/prb.pl\/en\/wp-json\/wp\/v2\/tags?post=1594"}],"curies":[{"name":"wp","href":"https:\/\/api.w.org\/{rel}","templated":true}]}}