{"id":1614,"date":"2018-12-07T08:23:23","date_gmt":"2018-12-07T07:23:23","guid":{"rendered":"https:\/\/prb.pl\/?p=1614"},"modified":"2019-10-16T23:27:05","modified_gmt":"2019-10-16T21:27:05","slug":"1614","status":"publish","type":"post","link":"https:\/\/prb.pl\/en\/2018\/12\/07\/1614\/","title":{"rendered":"Christmas meeting of the Polish Business Roundtable"},"content":{"rendered":"<p>On December 6th, the Polish Business Roundtable had its annual Christmas Eve meeting.<\/p>\n<p>We are proud and honored to have hosted two special guests: <strong>President Lech Wa\u0142\u0119sa<\/strong> and <strong>Prime Minister Professor Leszek Balcerowicz<\/strong>. Both our guests are Honorary Members of the Polish Business Roundtable.<\/p>\n","protected":false},"excerpt":{"rendered":"<p>On December 6th, the Polish Business Roundtable had its annual Christmas Eve meeting. We are proud and honored to have hosted two special guests: President Lech Wa\u0142\u0119sa and Prime Minister Professor Leszek Balcerowicz. Both our guests are Honorary Members of the Polish Business Roundtable.<\/p>\n","protected":false},"author":2,"featured_media":896,"comment_status":"open","ping_status":"open","sticky":false,"template":"","format":"standard","meta":{"_acf_changed":false,"footnotes":""},"categories":[3],"tags":[],"class_list":["post-1614","post","type-post","status-publish","format-standard","has-post-thumbnail","hentry","category-uncategorized"],"acf":[],"yoast_head":"<!-- This site is optimized with the Yoast SEO plugin v24.5 - https:\/\/yoast.com\/wordpress\/plugins\/seo\/ -->\n<title>Christmas meeting of the Polish Business Roundtable - Polska Rada Biznesu<\/title>\n<meta name=\"description\" content=\"Polska Rada Biznesu \u2013 stowarzyszenie biznesowe, zrzeszaj\u0105ce w\u0142a\u015bcicieli i kluczowych mened\u017cer\u00f3w najwi\u0119kszych polskich przedsi\u0119biorstw oraz firm mi\u0119dzynarodowych dzia\u0142aj\u0105cych w Polsce. Christmas meeting of the Polish Business Roundtable\" \/>\n<meta name=\"robots\" content=\"index, follow, max-snippet:-1, max-image-preview:large, max-video-preview:-1\" \/>\n<link rel=\"canonical\" href=\"https:\/\/prb.pl\/en\/2018\/12\/07\/1614\/\" \/>\n<meta property=\"og:locale\" content=\"en_US\" \/>\n<meta property=\"og:type\" content=\"article\" \/>\n<meta property=\"og:title\" content=\"Christmas meeting of the Polish Business Roundtable - Polska Rada Biznesu\" \/>\n<meta property=\"og:description\" content=\"Polska Rada Biznesu \u2013 stowarzyszenie biznesowe, zrzeszaj\u0105ce w\u0142a\u015bcicieli i kluczowych mened\u017cer\u00f3w najwi\u0119kszych polskich przedsi\u0119biorstw oraz firm mi\u0119dzynarodowych dzia\u0142aj\u0105cych w Polsce. Christmas meeting of the Polish Business Roundtable\" \/>\n<meta property=\"og:url\" content=\"https:\/\/prb.pl\/en\/2018\/12\/07\/1614\/\" \/>\n<meta property=\"og:site_name\" content=\"Polska Rada Biznesu\" \/>\n<meta property=\"article:published_time\" content=\"2018-12-07T07:23:23+00:00\" \/>\n<meta property=\"article:modified_time\" content=\"2019-10-16T21:27:05+00:00\" \/>\n<meta property=\"og:image\" content=\"https:\/\/prb.pl\/wp-content\/uploads\/2018\/12\/FKR_0588-e1544201783101.jpg\" \/>\n\t<meta property=\"og:image:width\" content=\"1600\" \/>\n\t<meta property=\"og:image:height\" content=\"956\" \/>\n\t<meta property=\"og:image:type\" content=\"image\/jpeg\" \/>\n<meta name=\"author\" content=\"tomasz\" \/>\n<meta name=\"twitter:card\" content=\"summary_large_image\" \/>\n<meta name=\"twitter:label1\" content=\"Written by\" \/>\n\t<meta name=\"twitter:data1\" content=\"tomasz\" \/>\n<script type=\"application\/ld+json\" class=\"yoast-schema-graph\">{\"@context\":\"https:\/\/schema.org\",\"@graph\":[{\"@type\":\"WebPage\",\"@id\":\"https:\/\/prb.pl\/en\/2018\/12\/07\/1614\/\",\"url\":\"https:\/\/prb.pl\/en\/2018\/12\/07\/1614\/\",\"name\":\"Christmas meeting of the Polish Business Roundtable - Polska Rada Biznesu\",\"isPartOf\":{\"@id\":\"https:\/\/prb.pl\/#website\"},\"primaryImageOfPage\":{\"@id\":\"https:\/\/prb.pl\/en\/2018\/12\/07\/1614\/#primaryimage\"},\"image\":{\"@id\":\"https:\/\/prb.pl\/en\/2018\/12\/07\/1614\/#primaryimage\"},\"thumbnailUrl\":\"https:\/\/prb.pl\/wp-content\/uploads\/2018\/12\/FKR_0588-e1544201783101.jpg\",\"datePublished\":\"2018-12-07T07:23:23+00:00\",\"dateModified\":\"2019-10-16T21:27:05+00:00\",\"author\":{\"@id\":\"https:\/\/prb.pl\/#\/schema\/person\/3a3498167aacb9fffcf683e2bfa71544\"},\"description\":\"Polska Rada Biznesu \u2013 stowarzyszenie biznesowe, zrzeszaj\u0105ce w\u0142a\u015bcicieli i kluczowych mened\u017cer\u00f3w najwi\u0119kszych polskich przedsi\u0119biorstw oraz firm mi\u0119dzynarodowych dzia\u0142aj\u0105cych w Polsce. Christmas meeting of the Polish Business Roundtable\",\"breadcrumb\":{\"@id\":\"https:\/\/prb.pl\/en\/2018\/12\/07\/1614\/#breadcrumb\"},\"inLanguage\":\"en-US\",\"potentialAction\":[{\"@type\":\"ReadAction\",\"target\":[\"https:\/\/prb.pl\/en\/2018\/12\/07\/1614\/\"]}]},{\"@type\":\"ImageObject\",\"inLanguage\":\"en-US\",\"@id\":\"https:\/\/prb.pl\/en\/2018\/12\/07\/1614\/#primaryimage\",\"url\":\"https:\/\/prb.pl\/wp-content\/uploads\/2018\/12\/FKR_0588-e1544201783101.jpg\",\"contentUrl\":\"https:\/\/prb.pl\/wp-content\/uploads\/2018\/12\/FKR_0588-e1544201783101.jpg\",\"width\":1600,\"height\":956},{\"@type\":\"BreadcrumbList\",\"@id\":\"https:\/\/prb.pl\/en\/2018\/12\/07\/1614\/#breadcrumb\",\"itemListElement\":[{\"@type\":\"ListItem\",\"position\":1,\"name\":\"Strona g\u0142\u00f3wna\",\"item\":\"https:\/\/prb.pl\/en\/\"},{\"@type\":\"ListItem\",\"position\":2,\"name\":\"Christmas meeting of the Polish Business Roundtable\"}]},{\"@type\":\"WebSite\",\"@id\":\"https:\/\/prb.pl\/#website\",\"url\":\"https:\/\/prb.pl\/\",\"name\":\"Polska Rada Biznesu\",\"description\":\"\",\"potentialAction\":[{\"@type\":\"SearchAction\",\"target\":{\"@type\":\"EntryPoint\",\"urlTemplate\":\"https:\/\/prb.pl\/?s={search_term_string}\"},\"query-input\":{\"@type\":\"PropertyValueSpecification\",\"valueRequired\":true,\"valueName\":\"search_term_string\"}}],\"inLanguage\":\"en-US\"},{\"@type\":\"Person\",\"@id\":\"https:\/\/prb.pl\/#\/schema\/person\/3a3498167aacb9fffcf683e2bfa71544\",\"name\":\"tomasz\",\"image\":{\"@type\":\"ImageObject\",\"inLanguage\":\"en-US\",\"@id\":\"https:\/\/prb.pl\/#\/schema\/person\/image\/\",\"url\":\"https:\/\/secure.gravatar.com\/avatar\/f9d6c70ccf6a94567f8a7e960465dd9b?s=96&d=mm&r=g\",\"contentUrl\":\"https:\/\/secure.gravatar.com\/avatar\/f9d6c70ccf6a94567f8a7e960465dd9b?s=96&d=mm&r=g\",\"caption\":\"tomasz\"},\"url\":\"https:\/\/prb.pl\/en\/author\/tomasz\/\"}]}<\/script>\n<!-- \/ Yoast SEO plugin. -->","yoast_head_json":{"title":"Christmas meeting of the Polish Business Roundtable - Polska Rada Biznesu","description":"Polska Rada Biznesu \u2013 stowarzyszenie biznesowe, zrzeszaj\u0105ce w\u0142a\u015bcicieli i kluczowych mened\u017cer\u00f3w najwi\u0119kszych polskich przedsi\u0119biorstw oraz firm mi\u0119dzynarodowych dzia\u0142aj\u0105cych w Polsce. Christmas meeting of the Polish Business Roundtable","robots":{"index":"index","follow":"follow","max-snippet":"max-snippet:-1","max-image-preview":"max-image-preview:large","max-video-preview":"max-video-preview:-1"},"canonical":"https:\/\/prb.pl\/en\/2018\/12\/07\/1614\/","og_locale":"en_US","og_type":"article","og_title":"Christmas meeting of the Polish Business Roundtable - Polska Rada Biznesu","og_description":"Polska Rada Biznesu \u2013 stowarzyszenie biznesowe, zrzeszaj\u0105ce w\u0142a\u015bcicieli i kluczowych mened\u017cer\u00f3w najwi\u0119kszych polskich przedsi\u0119biorstw oraz firm mi\u0119dzynarodowych dzia\u0142aj\u0105cych w Polsce. Christmas meeting of the Polish Business Roundtable","og_url":"https:\/\/prb.pl\/en\/2018\/12\/07\/1614\/","og_site_name":"Polska Rada Biznesu","article_published_time":"2018-12-07T07:23:23+00:00","article_modified_time":"2019-10-16T21:27:05+00:00","og_image":[{"width":1600,"height":956,"url":"https:\/\/prb.pl\/wp-content\/uploads\/2018\/12\/FKR_0588-e1544201783101.jpg","type":"image\/jpeg"}],"author":"tomasz","twitter_card":"summary_large_image","twitter_misc":{"Written by":"tomasz"},"schema":{"@context":"https:\/\/schema.org","@graph":[{"@type":"WebPage","@id":"https:\/\/prb.pl\/en\/2018\/12\/07\/1614\/","url":"https:\/\/prb.pl\/en\/2018\/12\/07\/1614\/","name":"Christmas meeting of the Polish Business Roundtable - Polska Rada Biznesu","isPartOf":{"@id":"https:\/\/prb.pl\/#website"},"primaryImageOfPage":{"@id":"https:\/\/prb.pl\/en\/2018\/12\/07\/1614\/#primaryimage"},"image":{"@id":"https:\/\/prb.pl\/en\/2018\/12\/07\/1614\/#primaryimage"},"thumbnailUrl":"https:\/\/prb.pl\/wp-content\/uploads\/2018\/12\/FKR_0588-e1544201783101.jpg","datePublished":"2018-12-07T07:23:23+00:00","dateModified":"2019-10-16T21:27:05+00:00","author":{"@id":"https:\/\/prb.pl\/#\/schema\/person\/3a3498167aacb9fffcf683e2bfa71544"},"description":"Polska Rada Biznesu \u2013 stowarzyszenie biznesowe, zrzeszaj\u0105ce w\u0142a\u015bcicieli i kluczowych mened\u017cer\u00f3w najwi\u0119kszych polskich przedsi\u0119biorstw oraz firm mi\u0119dzynarodowych dzia\u0142aj\u0105cych w Polsce. Christmas meeting of the Polish Business Roundtable","breadcrumb":{"@id":"https:\/\/prb.pl\/en\/2018\/12\/07\/1614\/#breadcrumb"},"inLanguage":"en-US","potentialAction":[{"@type":"ReadAction","target":["https:\/\/prb.pl\/en\/2018\/12\/07\/1614\/"]}]},{"@type":"ImageObject","inLanguage":"en-US","@id":"https:\/\/prb.pl\/en\/2018\/12\/07\/1614\/#primaryimage","url":"https:\/\/prb.pl\/wp-content\/uploads\/2018\/12\/FKR_0588-e1544201783101.jpg","contentUrl":"https:\/\/prb.pl\/wp-content\/uploads\/2018\/12\/FKR_0588-e1544201783101.jpg","width":1600,"height":956},{"@type":"BreadcrumbList","@id":"https:\/\/prb.pl\/en\/2018\/12\/07\/1614\/#breadcrumb","itemListElement":[{"@type":"ListItem","position":1,"name":"Strona g\u0142\u00f3wna","item":"https:\/\/prb.pl\/en\/"},{"@type":"ListItem","position":2,"name":"Christmas meeting of the Polish Business Roundtable"}]},{"@type":"WebSite","@id":"https:\/\/prb.pl\/#website","url":"https:\/\/prb.pl\/","name":"Polska Rada Biznesu","description":"","potentialAction":[{"@type":"SearchAction","target":{"@type":"EntryPoint","urlTemplate":"https:\/\/prb.pl\/?s={search_term_string}"},"query-input":{"@type":"PropertyValueSpecification","valueRequired":true,"valueName":"search_term_string"}}],"inLanguage":"en-US"},{"@type":"Person","@id":"https:\/\/prb.pl\/#\/schema\/person\/3a3498167aacb9fffcf683e2bfa71544","name":"tomasz","image":{"@type":"ImageObject","inLanguage":"en-US","@id":"https:\/\/prb.pl\/#\/schema\/person\/image\/","url":"https:\/\/secure.gravatar.com\/avatar\/f9d6c70ccf6a94567f8a7e960465dd9b?s=96&d=mm&r=g","contentUrl":"https:\/\/secure.gravatar.com\/avatar\/f9d6c70ccf6a94567f8a7e960465dd9b?s=96&d=mm&r=g","caption":"tomasz"},"url":"https:\/\/prb.pl\/en\/author\/tomasz\/"}]}},"_links":{"self":[{"href":"https:\/\/prb.pl\/en\/wp-json\/wp\/v2\/posts\/1614","targetHints":{"allow":["GET"]}}],"collection":[{"href":"https:\/\/prb.pl\/en\/wp-json\/wp\/v2\/posts"}],"about":[{"href":"https:\/\/prb.pl\/en\/wp-json\/wp\/v2\/types\/post"}],"author":[{"embeddable":true,"href":"https:\/\/prb.pl\/en\/wp-json\/wp\/v2\/users\/2"}],"replies":[{"embeddable":true,"href":"https:\/\/prb.pl\/en\/wp-json\/wp\/v2\/comments?post=1614"}],"version-history":[{"count":4,"href":"https:\/\/prb.pl\/en\/wp-json\/wp\/v2\/posts\/1614\/revisions"}],"predecessor-version":[{"id":1618,"href":"https:\/\/prb.pl\/en\/wp-json\/wp\/v2\/posts\/1614\/revisions\/1618"}],"wp:featuredmedia":[{"embeddable":true,"href":"https:\/\/prb.pl\/en\/wp-json\/wp\/v2\/media\/896"}],"wp:attachment":[{"href":"https:\/\/prb.pl\/en\/wp-json\/wp\/v2\/media?parent=1614"}],"wp:term":[{"taxonomy":"category","embeddable":true,"href":"https:\/\/prb.pl\/en\/wp-json\/wp\/v2\/categories?post=1614"},{"taxonomy":"post_tag","embeddable":true,"href":"https:\/\/prb.pl\/en\/wp-json\/wp\/v2\/tags?post=1614"}],"curies":[{"name":"wp","href":"https:\/\/api.w.org\/{rel}","templated":true}]}}