{"id":1816,"date":"2019-03-14T20:23:43","date_gmt":"2019-03-14T19:23:43","guid":{"rendered":"https:\/\/prb.pl\/?p=1816"},"modified":"2020-02-01T21:09:31","modified_gmt":"2020-02-01T20:09:31","slug":"appeal-of-the-polish-business-roundtable","status":"publish","type":"post","link":"https:\/\/prb.pl\/en\/2019\/03\/14\/appeal-of-the-polish-business-roundtable\/","title":{"rendered":"Appeal of the Polish Business Roundtable"},"content":{"rendered":"<p>Today, three leading Polish newspapers, <em>Dziennik Gazeta Prawna<\/em>, <em>Gazeta Wyborcza<\/em>, and <em>Puls Biznesu<\/em> published the Appeal of the Polish Business Roundtable to Professor Ma\u0142gorzata Gersdorf, First President of the Supreme Court, Judge Stanis\u0142aw Zab\u0142ocki, President of the Penal Chamber of the Supreme Court, and Dr Adam Bodnar, Polish Ombudsman.<\/p>\n<p>\u2013\u00a0<em>According to the legal opinions prepared by renown criminal law specialists, the pre-trial detention of Piotr Osiecki is not only unfounded but also unlawful<\/em> \u2013 the statement reads.<\/p>\n<h2><a href=\"https:\/\/prb.pl\/2019\/03\/14\/apel-polskiej-rady-biznesu\/\" target=\"_blank\" rel=\"noopener\">&gt;&gt;&gt;Read the full statement [in Polish]<\/a><\/h2>\n","protected":false},"excerpt":{"rendered":"<p>Today, three leading Polish newspapers, Dziennik Gazeta Prawna, Gazeta Wyborcza, and Puls Biznesu published the Appeal of the Polish Business Roundtable to Professor Ma\u0142gorzata Gersdorf, First President of the Supreme Court, Judge Stanis\u0142aw Zab\u0142ocki, President of the Penal Chamber of the Supreme Court, and Dr Adam Bodnar, Polish Ombudsman. \u2013\u00a0According to the legal opinions prepared [&hellip;]<\/p>\n","protected":false},"author":2,"featured_media":221,"comment_status":"open","ping_status":"open","sticky":false,"template":"","format":"standard","meta":{"_acf_changed":false,"footnotes":""},"categories":[3],"tags":[],"class_list":["post-1816","post","type-post","status-publish","format-standard","has-post-thumbnail","hentry","category-uncategorized"],"acf":[],"yoast_head":"<!-- This site is optimized with the Yoast SEO plugin v24.5 - https:\/\/yoast.com\/wordpress\/plugins\/seo\/ -->\n<title>Appeal of the Polish Business Roundtable - Polska Rada Biznesu<\/title>\n<meta name=\"description\" content=\"Polska Rada Biznesu \u2013 stowarzyszenie biznesowe, zrzeszaj\u0105ce w\u0142a\u015bcicieli i kluczowych mened\u017cer\u00f3w najwi\u0119kszych polskich przedsi\u0119biorstw oraz firm mi\u0119dzynarodowych dzia\u0142aj\u0105cych w Polsce. Appeal of the Polish Business Roundtable\" \/>\n<meta name=\"robots\" content=\"index, follow, max-snippet:-1, max-image-preview:large, max-video-preview:-1\" \/>\n<link rel=\"canonical\" href=\"https:\/\/prb.pl\/en\/2019\/03\/14\/appeal-of-the-polish-business-roundtable\/\" \/>\n<meta property=\"og:locale\" content=\"en_US\" \/>\n<meta property=\"og:type\" content=\"article\" \/>\n<meta property=\"og:title\" content=\"Appeal of the Polish Business Roundtable - Polska Rada Biznesu\" \/>\n<meta property=\"og:description\" content=\"Polska Rada Biznesu \u2013 stowarzyszenie biznesowe, zrzeszaj\u0105ce w\u0142a\u015bcicieli i kluczowych mened\u017cer\u00f3w najwi\u0119kszych polskich przedsi\u0119biorstw oraz firm mi\u0119dzynarodowych dzia\u0142aj\u0105cych w Polsce. Appeal of the Polish Business Roundtable\" \/>\n<meta property=\"og:url\" content=\"https:\/\/prb.pl\/en\/2019\/03\/14\/appeal-of-the-polish-business-roundtable\/\" \/>\n<meta property=\"og:site_name\" content=\"Polska Rada Biznesu\" \/>\n<meta property=\"article:published_time\" content=\"2019-03-14T19:23:43+00:00\" \/>\n<meta property=\"article:modified_time\" content=\"2020-02-01T20:09:31+00:00\" \/>\n<meta property=\"og:image\" content=\"https:\/\/prb.pl\/wp-content\/uploads\/2017\/07\/prb_oswiadczenia-e1525980513673.png\" \/>\n\t<meta property=\"og:image:width\" content=\"2574\" \/>\n\t<meta property=\"og:image:height\" content=\"1769\" \/>\n\t<meta property=\"og:image:type\" content=\"image\/png\" \/>\n<meta name=\"author\" content=\"tomasz\" \/>\n<meta name=\"twitter:card\" content=\"summary_large_image\" \/>\n<meta name=\"twitter:label1\" content=\"Written by\" \/>\n\t<meta name=\"twitter:data1\" content=\"tomasz\" \/>\n<script type=\"application\/ld+json\" class=\"yoast-schema-graph\">{\"@context\":\"https:\/\/schema.org\",\"@graph\":[{\"@type\":\"WebPage\",\"@id\":\"https:\/\/prb.pl\/en\/2019\/03\/14\/appeal-of-the-polish-business-roundtable\/\",\"url\":\"https:\/\/prb.pl\/en\/2019\/03\/14\/appeal-of-the-polish-business-roundtable\/\",\"name\":\"Appeal of the Polish Business Roundtable - Polska Rada Biznesu\",\"isPartOf\":{\"@id\":\"https:\/\/prb.pl\/#website\"},\"primaryImageOfPage\":{\"@id\":\"https:\/\/prb.pl\/en\/2019\/03\/14\/appeal-of-the-polish-business-roundtable\/#primaryimage\"},\"image\":{\"@id\":\"https:\/\/prb.pl\/en\/2019\/03\/14\/appeal-of-the-polish-business-roundtable\/#primaryimage\"},\"thumbnailUrl\":\"https:\/\/prb.pl\/wp-content\/uploads\/2017\/07\/prb_oswiadczenia-e1525980513673.png\",\"datePublished\":\"2019-03-14T19:23:43+00:00\",\"dateModified\":\"2020-02-01T20:09:31+00:00\",\"author\":{\"@id\":\"https:\/\/prb.pl\/#\/schema\/person\/3a3498167aacb9fffcf683e2bfa71544\"},\"description\":\"Polska Rada Biznesu \u2013 stowarzyszenie biznesowe, zrzeszaj\u0105ce w\u0142a\u015bcicieli i kluczowych mened\u017cer\u00f3w najwi\u0119kszych polskich przedsi\u0119biorstw oraz firm mi\u0119dzynarodowych dzia\u0142aj\u0105cych w Polsce. Appeal of the Polish Business Roundtable\",\"breadcrumb\":{\"@id\":\"https:\/\/prb.pl\/en\/2019\/03\/14\/appeal-of-the-polish-business-roundtable\/#breadcrumb\"},\"inLanguage\":\"en-US\",\"potentialAction\":[{\"@type\":\"ReadAction\",\"target\":[\"https:\/\/prb.pl\/en\/2019\/03\/14\/appeal-of-the-polish-business-roundtable\/\"]}]},{\"@type\":\"ImageObject\",\"inLanguage\":\"en-US\",\"@id\":\"https:\/\/prb.pl\/en\/2019\/03\/14\/appeal-of-the-polish-business-roundtable\/#primaryimage\",\"url\":\"https:\/\/prb.pl\/wp-content\/uploads\/2017\/07\/prb_oswiadczenia-e1525980513673.png\",\"contentUrl\":\"https:\/\/prb.pl\/wp-content\/uploads\/2017\/07\/prb_oswiadczenia-e1525980513673.png\",\"width\":2574,\"height\":1769},{\"@type\":\"BreadcrumbList\",\"@id\":\"https:\/\/prb.pl\/en\/2019\/03\/14\/appeal-of-the-polish-business-roundtable\/#breadcrumb\",\"itemListElement\":[{\"@type\":\"ListItem\",\"position\":1,\"name\":\"Strona g\u0142\u00f3wna\",\"item\":\"https:\/\/prb.pl\/en\/\"},{\"@type\":\"ListItem\",\"position\":2,\"name\":\"Appeal of the Polish Business Roundtable\"}]},{\"@type\":\"WebSite\",\"@id\":\"https:\/\/prb.pl\/#website\",\"url\":\"https:\/\/prb.pl\/\",\"name\":\"Polska Rada Biznesu\",\"description\":\"\",\"potentialAction\":[{\"@type\":\"SearchAction\",\"target\":{\"@type\":\"EntryPoint\",\"urlTemplate\":\"https:\/\/prb.pl\/?s={search_term_string}\"},\"query-input\":{\"@type\":\"PropertyValueSpecification\",\"valueRequired\":true,\"valueName\":\"search_term_string\"}}],\"inLanguage\":\"en-US\"},{\"@type\":\"Person\",\"@id\":\"https:\/\/prb.pl\/#\/schema\/person\/3a3498167aacb9fffcf683e2bfa71544\",\"name\":\"tomasz\",\"image\":{\"@type\":\"ImageObject\",\"inLanguage\":\"en-US\",\"@id\":\"https:\/\/prb.pl\/#\/schema\/person\/image\/\",\"url\":\"https:\/\/secure.gravatar.com\/avatar\/f9d6c70ccf6a94567f8a7e960465dd9b?s=96&d=mm&r=g\",\"contentUrl\":\"https:\/\/secure.gravatar.com\/avatar\/f9d6c70ccf6a94567f8a7e960465dd9b?s=96&d=mm&r=g\",\"caption\":\"tomasz\"},\"url\":\"https:\/\/prb.pl\/en\/author\/tomasz\/\"}]}<\/script>\n<!-- \/ Yoast SEO plugin. -->","yoast_head_json":{"title":"Appeal of the Polish Business Roundtable - Polska Rada Biznesu","description":"Polska Rada Biznesu \u2013 stowarzyszenie biznesowe, zrzeszaj\u0105ce w\u0142a\u015bcicieli i kluczowych mened\u017cer\u00f3w najwi\u0119kszych polskich przedsi\u0119biorstw oraz firm mi\u0119dzynarodowych dzia\u0142aj\u0105cych w Polsce. Appeal of the Polish Business Roundtable","robots":{"index":"index","follow":"follow","max-snippet":"max-snippet:-1","max-image-preview":"max-image-preview:large","max-video-preview":"max-video-preview:-1"},"canonical":"https:\/\/prb.pl\/en\/2019\/03\/14\/appeal-of-the-polish-business-roundtable\/","og_locale":"en_US","og_type":"article","og_title":"Appeal of the Polish Business Roundtable - Polska Rada Biznesu","og_description":"Polska Rada Biznesu \u2013 stowarzyszenie biznesowe, zrzeszaj\u0105ce w\u0142a\u015bcicieli i kluczowych mened\u017cer\u00f3w najwi\u0119kszych polskich przedsi\u0119biorstw oraz firm mi\u0119dzynarodowych dzia\u0142aj\u0105cych w Polsce. Appeal of the Polish Business Roundtable","og_url":"https:\/\/prb.pl\/en\/2019\/03\/14\/appeal-of-the-polish-business-roundtable\/","og_site_name":"Polska Rada Biznesu","article_published_time":"2019-03-14T19:23:43+00:00","article_modified_time":"2020-02-01T20:09:31+00:00","og_image":[{"width":2574,"height":1769,"url":"https:\/\/prb.pl\/wp-content\/uploads\/2017\/07\/prb_oswiadczenia-e1525980513673.png","type":"image\/png"}],"author":"tomasz","twitter_card":"summary_large_image","twitter_misc":{"Written by":"tomasz"},"schema":{"@context":"https:\/\/schema.org","@graph":[{"@type":"WebPage","@id":"https:\/\/prb.pl\/en\/2019\/03\/14\/appeal-of-the-polish-business-roundtable\/","url":"https:\/\/prb.pl\/en\/2019\/03\/14\/appeal-of-the-polish-business-roundtable\/","name":"Appeal of the Polish Business Roundtable - Polska Rada Biznesu","isPartOf":{"@id":"https:\/\/prb.pl\/#website"},"primaryImageOfPage":{"@id":"https:\/\/prb.pl\/en\/2019\/03\/14\/appeal-of-the-polish-business-roundtable\/#primaryimage"},"image":{"@id":"https:\/\/prb.pl\/en\/2019\/03\/14\/appeal-of-the-polish-business-roundtable\/#primaryimage"},"thumbnailUrl":"https:\/\/prb.pl\/wp-content\/uploads\/2017\/07\/prb_oswiadczenia-e1525980513673.png","datePublished":"2019-03-14T19:23:43+00:00","dateModified":"2020-02-01T20:09:31+00:00","author":{"@id":"https:\/\/prb.pl\/#\/schema\/person\/3a3498167aacb9fffcf683e2bfa71544"},"description":"Polska Rada Biznesu \u2013 stowarzyszenie biznesowe, zrzeszaj\u0105ce w\u0142a\u015bcicieli i kluczowych mened\u017cer\u00f3w najwi\u0119kszych polskich przedsi\u0119biorstw oraz firm mi\u0119dzynarodowych dzia\u0142aj\u0105cych w Polsce. Appeal of the Polish Business Roundtable","breadcrumb":{"@id":"https:\/\/prb.pl\/en\/2019\/03\/14\/appeal-of-the-polish-business-roundtable\/#breadcrumb"},"inLanguage":"en-US","potentialAction":[{"@type":"ReadAction","target":["https:\/\/prb.pl\/en\/2019\/03\/14\/appeal-of-the-polish-business-roundtable\/"]}]},{"@type":"ImageObject","inLanguage":"en-US","@id":"https:\/\/prb.pl\/en\/2019\/03\/14\/appeal-of-the-polish-business-roundtable\/#primaryimage","url":"https:\/\/prb.pl\/wp-content\/uploads\/2017\/07\/prb_oswiadczenia-e1525980513673.png","contentUrl":"https:\/\/prb.pl\/wp-content\/uploads\/2017\/07\/prb_oswiadczenia-e1525980513673.png","width":2574,"height":1769},{"@type":"BreadcrumbList","@id":"https:\/\/prb.pl\/en\/2019\/03\/14\/appeal-of-the-polish-business-roundtable\/#breadcrumb","itemListElement":[{"@type":"ListItem","position":1,"name":"Strona g\u0142\u00f3wna","item":"https:\/\/prb.pl\/en\/"},{"@type":"ListItem","position":2,"name":"Appeal of the Polish Business Roundtable"}]},{"@type":"WebSite","@id":"https:\/\/prb.pl\/#website","url":"https:\/\/prb.pl\/","name":"Polska Rada Biznesu","description":"","potentialAction":[{"@type":"SearchAction","target":{"@type":"EntryPoint","urlTemplate":"https:\/\/prb.pl\/?s={search_term_string}"},"query-input":{"@type":"PropertyValueSpecification","valueRequired":true,"valueName":"search_term_string"}}],"inLanguage":"en-US"},{"@type":"Person","@id":"https:\/\/prb.pl\/#\/schema\/person\/3a3498167aacb9fffcf683e2bfa71544","name":"tomasz","image":{"@type":"ImageObject","inLanguage":"en-US","@id":"https:\/\/prb.pl\/#\/schema\/person\/image\/","url":"https:\/\/secure.gravatar.com\/avatar\/f9d6c70ccf6a94567f8a7e960465dd9b?s=96&d=mm&r=g","contentUrl":"https:\/\/secure.gravatar.com\/avatar\/f9d6c70ccf6a94567f8a7e960465dd9b?s=96&d=mm&r=g","caption":"tomasz"},"url":"https:\/\/prb.pl\/en\/author\/tomasz\/"}]}},"_links":{"self":[{"href":"https:\/\/prb.pl\/en\/wp-json\/wp\/v2\/posts\/1816","targetHints":{"allow":["GET"]}}],"collection":[{"href":"https:\/\/prb.pl\/en\/wp-json\/wp\/v2\/posts"}],"about":[{"href":"https:\/\/prb.pl\/en\/wp-json\/wp\/v2\/types\/post"}],"author":[{"embeddable":true,"href":"https:\/\/prb.pl\/en\/wp-json\/wp\/v2\/users\/2"}],"replies":[{"embeddable":true,"href":"https:\/\/prb.pl\/en\/wp-json\/wp\/v2\/comments?post=1816"}],"version-history":[{"count":2,"href":"https:\/\/prb.pl\/en\/wp-json\/wp\/v2\/posts\/1816\/revisions"}],"predecessor-version":[{"id":1848,"href":"https:\/\/prb.pl\/en\/wp-json\/wp\/v2\/posts\/1816\/revisions\/1848"}],"wp:featuredmedia":[{"embeddable":true,"href":"https:\/\/prb.pl\/en\/wp-json\/wp\/v2\/media\/221"}],"wp:attachment":[{"href":"https:\/\/prb.pl\/en\/wp-json\/wp\/v2\/media?parent=1816"}],"wp:term":[{"taxonomy":"category","embeddable":true,"href":"https:\/\/prb.pl\/en\/wp-json\/wp\/v2\/categories?post=1816"},{"taxonomy":"post_tag","embeddable":true,"href":"https:\/\/prb.pl\/en\/wp-json\/wp\/v2\/tags?post=1816"}],"curies":[{"name":"wp","href":"https:\/\/api.w.org\/{rel}","templated":true}]}}